{"id":1,"date":"2024-06-02T12:36:41","date_gmt":"2024-06-02T10:36:41","guid":{"rendered":"https:\/\/www.fcgambach.de\/?p=1"},"modified":"2024-08-15T18:01:33","modified_gmt":"2024-08-15T16:01:33","slug":"hallo-welt","status":"publish","type":"post","link":"https:\/\/www.fcgambach.de\/?p=1","title":{"rendered":"Vatertagsgrillen vom 09. Mai 2024"},"content":{"rendered":"[et_pb_section fb_built=&#8220;1&#8243; admin_label=&#8220;section&#8220; _builder_version=&#8220;4.16&#8243; global_colors_info=&#8220;{}&#8220;][et_pb_row admin_label=&#8220;row&#8220; _builder_version=&#8220;4.16&#8243; background_size=&#8220;initial&#8220; background_position=&#8220;top_left&#8220; background_repeat=&#8220;repeat&#8220; global_colors_info=&#8220;{}&#8220;][et_pb_column type=&#8220;4_4&#8243; _builder_version=&#8220;4.16&#8243; custom_padding=&#8220;|||&#8220; global_colors_info=&#8220;{}&#8220; custom_padding__hover=&#8220;|||&#8220;][et_pb_text admin_label=&#8220;Text&#8220; _builder_version=&#8220;4.16&#8243; background_size=&#8220;initial&#8220; background_position=&#8220;top_left&#8220; background_repeat=&#8220;repeat&#8220; global_colors_info=&#8220;{}&#8220;]<p><\/p>\n<p class=\"wp-block-paragraph\">Ein fantastischer Tag voller Freude und toller Momente! Danke an alle Beteiligten und Helfer. Bei herrlichem Himmelfahrtswetter, einem \u00f6kumenischen Gottesdienst, warmen Speisen und kalten Getr\u00e4nken, lies es sich, bis in die sp\u00e4ten Abendstunden, gut feiern. Wir freuen uns auf Dich im n\u00e4chsten Jahr.<\/p>\n<p><\/p>\n<p><\/p>\n<p class=\"wp-block-paragraph\"><\/p>[\/et_pb_text][\/et_pb_column][\/et_pb_row][\/et_pb_section]","protected":false},"excerpt":{"rendered":"<p>Ein fantastischer Tag voller Freude und toller Momente! Danke an alle Beteiligten und Helfer. Bei herrlichem Himmelfahrtswetter, einem \u00f6kumenischen Gottesdienst, warmen Speisen und kalten Getr\u00e4nken, lies es sich, bis in die sp\u00e4ten Abendstunden, gut feiern. Wir freuen uns auf Dich im n\u00e4chsten Jahr.<\/p>\n","protected":false},"author":1,"featured_media":139,"comment_status":"open","ping_status":"open","sticky":false,"template":"","format":"standard","meta":{"_et_pb_use_builder":"on","_et_pb_old_content":"<!-- wp:paragraph -->\n<p>Ein fantastischer Tag voller Freude und toller Momente! Danke an alle Beteiligten!!<\/p>\n<!-- \/wp:paragraph -->\n\n<!-- wp:paragraph -->\n<p>Hier ein paar Bilder vom Vatertagsgrillen 2024 auf dem Gambacher Sportplatz <img alt=\"?\" src=\"https:\/\/static.xx.fbcdn.net\/images\/emoji.php\/v9\/t6e\/1\/16\/1f534.png\" width=\"16\" height=\"16\"><img alt=\"\u26aa\" src=\"https:\/\/static.xx.fbcdn.net\/images\/emoji.php\/v9\/t8d\/1\/16\/26aa.png\" width=\"16\" height=\"16\"><\/p>\n<!-- \/wp:paragraph -->\n\n<!-- wp:paragraph -->\n<p><a href=\"https:\/\/www.facebook.com\/hashtag\/gemeinsam?__eep__=6&amp;__cft__[0]=AZU3zBEUt7zu0-_irYSVAUZoMHcQnVRrPoQsgtt1K4Mw3NenIZ1mxSDpCpSTUnsKIg3n6pbDB3CIxyExbinXHLRF1MixMYdxlktclBM_fT6crVmUZgqzgqoFoEZDEZJyaXpXc_VFDDi8hJvFc6VUGFVRb_R8aBJ1hmsd6lNkFgd6ErmU8AYAMBw6R8UJGBMlnGbQ8mj3KfjRqzg4PXuqS2rWAsFVtLV1BycVx6dewH_5oA&amp;__tn__=*NK-R\">#gemeinsam<\/a><a href=\"https:\/\/www.facebook.com\/hashtag\/dorfleben?__eep__=6&amp;__cft__[0]=AZU3zBEUt7zu0-_irYSVAUZoMHcQnVRrPoQsgtt1K4Mw3NenIZ1mxSDpCpSTUnsKIg3n6pbDB3CIxyExbinXHLRF1MixMYdxlktclBM_fT6crVmUZgqzgqoFoEZDEZJyaXpXc_VFDDi8hJvFc6VUGFVRb_R8aBJ1hmsd6lNkFgd6ErmU8AYAMBw6R8UJGBMlnGbQ8mj3KfjRqzg4PXuqS2rWAsFVtLV1BycVx6dewH_5oA&amp;__tn__=*NK-R\">#dorfleben<\/a><a href=\"https:\/\/www.facebook.com\/hashtag\/75jahre?__eep__=6&amp;__cft__[0]=AZU3zBEUt7zu0-_irYSVAUZoMHcQnVRrPoQsgtt1K4Mw3NenIZ1mxSDpCpSTUnsKIg3n6pbDB3CIxyExbinXHLRF1MixMYdxlktclBM_fT6crVmUZgqzgqoFoEZDEZJyaXpXc_VFDDi8hJvFc6VUGFVRb_R8aBJ1hmsd6lNkFgd6ErmU8AYAMBw6R8UJGBMlnGbQ8mj3KfjRqzg4PXuqS2rWAsFVtLV1BycVx6dewH_5oA&amp;__tn__=*NK-R\">#75jahre<\/a><a href=\"https:\/\/www.facebook.com\/hashtag\/tradition?__eep__=6&amp;__cft__[0]=AZU3zBEUt7zu0-_irYSVAUZoMHcQnVRrPoQsgtt1K4Mw3NenIZ1mxSDpCpSTUnsKIg3n6pbDB3CIxyExbinXHLRF1MixMYdxlktclBM_fT6crVmUZgqzgqoFoEZDEZJyaXpXc_VFDDi8hJvFc6VUGFVRb_R8aBJ1hmsd6lNkFgd6ErmU8AYAMBw6R8UJGBMlnGbQ8mj3KfjRqzg4PXuqS2rWAsFVtLV1BycVx6dewH_5oA&amp;__tn__=*NK-R\">#tradition<\/a><a href=\"https:\/\/www.facebook.com\/hashtag\/feiern?__eep__=6&amp;__cft__[0]=AZU3zBEUt7zu0-_irYSVAUZoMHcQnVRrPoQsgtt1K4Mw3NenIZ1mxSDpCpSTUnsKIg3n6pbDB3CIxyExbinXHLRF1MixMYdxlktclBM_fT6crVmUZgqzgqoFoEZDEZJyaXpXc_VFDDi8hJvFc6VUGFVRb_R8aBJ1hmsd6lNkFgd6ErmU8AYAMBw6R8UJGBMlnGbQ8mj3KfjRqzg4PXuqS2rWAsFVtLV1BycVx6dewH_5oA&amp;__tn__=*NK-R\">#feiern<\/a><\/p>\n<!-- \/wp:paragraph -->","_et_gb_content_width":"","footnotes":""},"categories":[1],"tags":[],"class_list":["post-1","post","type-post","status-publish","format-standard","has-post-thumbnail","hentry","category-allgemein"],"_links":{"self":[{"href":"https:\/\/www.fcgambach.de\/index.php?rest_route=\/wp\/v2\/posts\/1","targetHints":{"allow":["GET"]}}],"collection":[{"href":"https:\/\/www.fcgambach.de\/index.php?rest_route=\/wp\/v2\/posts"}],"about":[{"href":"https:\/\/www.fcgambach.de\/index.php?rest_route=\/wp\/v2\/types\/post"}],"author":[{"embeddable":true,"href":"https:\/\/www.fcgambach.de\/index.php?rest_route=\/wp\/v2\/users\/1"}],"replies":[{"embeddable":true,"href":"https:\/\/www.fcgambach.de\/index.php?rest_route=%2Fwp%2Fv2%2Fcomments&post=1"}],"version-history":[{"count":4,"href":"https:\/\/www.fcgambach.de\/index.php?rest_route=\/wp\/v2\/posts\/1\/revisions"}],"predecessor-version":[{"id":533,"href":"https:\/\/www.fcgambach.de\/index.php?rest_route=\/wp\/v2\/posts\/1\/revisions\/533"}],"wp:featuredmedia":[{"embeddable":true,"href":"https:\/\/www.fcgambach.de\/index.php?rest_route=\/wp\/v2\/media\/139"}],"wp:attachment":[{"href":"https:\/\/www.fcgambach.de\/index.php?rest_route=%2Fwp%2Fv2%2Fmedia&parent=1"}],"wp:term":[{"taxonomy":"category","embeddable":true,"href":"https:\/\/www.fcgambach.de\/index.php?rest_route=%2Fwp%2Fv2%2Fcategories&post=1"},{"taxonomy":"post_tag","embeddable":true,"href":"https:\/\/www.fcgambach.de\/index.php?rest_route=%2Fwp%2Fv2%2Ftags&post=1"}],"curies":[{"name":"wp","href":"https:\/\/api.w.org\/{rel}","templated":true}]}}